{"id":4015,"date":"2023-11-29T13:07:20","date_gmt":"2023-11-29T13:07:20","guid":{"rendered":"https:\/\/www.armagallery.com\/sin-categorizar\/colores-que-hablan-la-narrativa-visual-de-papartus"},"modified":"2024-07-08T15:53:24","modified_gmt":"2024-07-08T15:53:24","slug":"colores-que-hablan-la-narrativa-visual-de-papartus","status":"publish","type":"post","link":"https:\/\/www.armagallery.com\/es\/blog-es\/colores-que-hablan-la-narrativa-visual-de-papartus","title":{"rendered":"Colores que hablan: La narrativa visual de Papartus"},"content":{"rendered":"\n<p>Sumergirse en el fascinante universo de Papartus es adentrarse en una narrativa visual \u00fanica donde los colores son los protagonistas de una historia sin palabras. Cada trazo, cada tonalidad es la expresi\u00f3n de un lenguaje abstracto que habla directamente a las emociones y a la imaginaci\u00f3n.<\/p>\n\n<figure class=\"wp-block-image size-full is-resized\"><img loading=\"lazy\" decoding=\"async\" width=\"739\" height=\"553\" src=\"https:\/\/www.armagallery.com\/wp-content\/uploads\/2023\/11\/arma-gallery-contemporary-art-colors-that-speak-papartus-05.jpg\" alt=\"ARMA GALLERY - Arte Contempor&#xE1;neo - Colores que Hablan - Papartus - 05\" class=\"wp-image-1940\" style=\"width:750px\" srcset=\"https:\/\/www.armagallery.com\/wp-content\/uploads\/2023\/11\/arma-gallery-contemporary-art-colors-that-speak-papartus-05.jpg 739w, https:\/\/www.armagallery.com\/wp-content\/uploads\/2023\/11\/arma-gallery-contemporary-art-colors-that-speak-papartus-05-600x449.jpg 600w, https:\/\/www.armagallery.com\/wp-content\/uploads\/2023\/11\/arma-gallery-contemporary-art-colors-that-speak-papartus-05-300x224.jpg 300w\" sizes=\"auto, (max-width: 739px) 100vw, 739px\" \/><figcaption class=\"wp-element-caption\">Candycrush, \u00f3leo sobre lienzo, 150 x 200 cm.<\/figcaption><\/figure>\n\n<figure class=\"wp-block-image size-full is-resized\"><img loading=\"lazy\" decoding=\"async\" width=\"1656\" height=\"1245\" src=\"https:\/\/www.armagallery.com\/wp-content\/uploads\/2023\/11\/arma-gallery-contemporary-art-colors-that-speak-papartus-06.jpg\" alt=\"ARMA GALLERY - Arte Contempor&#xE1;neo - Colores que Hablan - Papartus - 06\" class=\"wp-image-1941\" style=\"width:749px\" srcset=\"https:\/\/www.armagallery.com\/wp-content\/uploads\/2023\/11\/arma-gallery-contemporary-art-colors-that-speak-papartus-06.jpg 1656w, https:\/\/www.armagallery.com\/wp-content\/uploads\/2023\/11\/arma-gallery-contemporary-art-colors-that-speak-papartus-06-1500x1128.jpg 1500w, https:\/\/www.armagallery.com\/wp-content\/uploads\/2023\/11\/arma-gallery-contemporary-art-colors-that-speak-papartus-06-300x226.jpg 300w, https:\/\/www.armagallery.com\/wp-content\/uploads\/2023\/11\/arma-gallery-contemporary-art-colors-that-speak-papartus-06-1024x770.jpg 1024w, https:\/\/www.armagallery.com\/wp-content\/uploads\/2023\/11\/arma-gallery-contemporary-art-colors-that-speak-papartus-06-768x577.jpg 768w, https:\/\/www.armagallery.com\/wp-content\/uploads\/2023\/11\/arma-gallery-contemporary-art-colors-that-speak-papartus-06-1536x1155.jpg 1536w\" sizes=\"auto, (max-width: 1656px) 100vw, 1656px\" \/><figcaption class=\"wp-element-caption\">Papartus en Estampa 2023 con ARMA GALLERY<\/figcaption><\/figure>\n\n<figure class=\"wp-block-image size-full is-resized\"><img loading=\"lazy\" decoding=\"async\" width=\"1100\" height=\"1385\" src=\"https:\/\/www.armagallery.com\/wp-content\/uploads\/2023\/11\/arma-gallery-contemporary-art-colors-that-speak-papartus-03.jpg\" alt=\"ARMA GALLERY - Arte Contempor&#xE1;neo - Colores que Hablan - Papartus - 03\" class=\"wp-image-1938\" style=\"width:748px\" srcset=\"https:\/\/www.armagallery.com\/wp-content\/uploads\/2023\/11\/arma-gallery-contemporary-art-colors-that-speak-papartus-03.jpg 1100w, https:\/\/www.armagallery.com\/wp-content\/uploads\/2023\/11\/arma-gallery-contemporary-art-colors-that-speak-papartus-03-600x755.jpg 600w, https:\/\/www.armagallery.com\/wp-content\/uploads\/2023\/11\/arma-gallery-contemporary-art-colors-that-speak-papartus-03-238x300.jpg 238w, https:\/\/www.armagallery.com\/wp-content\/uploads\/2023\/11\/arma-gallery-contemporary-art-colors-that-speak-papartus-03-813x1024.jpg 813w, https:\/\/www.armagallery.com\/wp-content\/uploads\/2023\/11\/arma-gallery-contemporary-art-colors-that-speak-papartus-03-768x967.jpg 768w\" sizes=\"auto, (max-width: 1100px) 100vw, 1100px\" \/><figcaption class=\"wp-element-caption\">48 horas sin dormir, 2022. \u00d3leo, barra de \u00f3leo, acr\u00edlico y esmalte sobre lienzo, 162 \u00d7 130 cm<\/figcaption><\/figure>\n\n<p>En las obras de Papartus, los colores no son meras paletas visuales, sino narradores elocuentes que tejen relatos intrincados y evocadores. La elecci\u00f3n de los tonos y c\u00f3mo se entrelazan en el lienzo revela un di\u00e1logo interno, una conversaci\u00f3n silenciosa que invita al espectador a descifrar su propio significado.<\/p>\n\n<p>Cada pincelada cuenta una historia, y la combinaci\u00f3n de colores forma un poema visual que trasciende las fronteras del lenguaje convencional. La vibrante paleta de Papartus es como un alfabeto \u00fanico, donde cada color es una letra que contribuye a la gram\u00e1tica emocional de la obra de arte.<\/p>\n\n<figure class=\"wp-block-image size-full is-resized\"><img loading=\"lazy\" decoding=\"async\" width=\"1500\" height=\"1125\" src=\"https:\/\/www.armagallery.com\/wp-content\/uploads\/2023\/11\/arma-gallery-contemporary-art-colors-that-speak-papartus-02.jpg\" alt=\"ARMA GALLERY - Arte Contempor&#xE1;neo - Colores que Hablan - Papartus - 02\" class=\"wp-image-1937\" style=\"width:750px\" srcset=\"https:\/\/www.armagallery.com\/wp-content\/uploads\/2023\/11\/arma-gallery-contemporary-art-colors-that-speak-papartus-02.jpg 1500w, https:\/\/www.armagallery.com\/wp-content\/uploads\/2023\/11\/arma-gallery-contemporary-art-colors-that-speak-papartus-02-600x450.jpg 600w, https:\/\/www.armagallery.com\/wp-content\/uploads\/2023\/11\/arma-gallery-contemporary-art-colors-that-speak-papartus-02-300x225.jpg 300w, https:\/\/www.armagallery.com\/wp-content\/uploads\/2023\/11\/arma-gallery-contemporary-art-colors-that-speak-papartus-02-1024x768.jpg 1024w, https:\/\/www.armagallery.com\/wp-content\/uploads\/2023\/11\/arma-gallery-contemporary-art-colors-that-speak-papartus-02-768x576.jpg 768w\" sizes=\"auto, (max-width: 1500px) 100vw, 1500px\" \/><figcaption class=\"wp-element-caption\">Sin t\u00edtulo, 2020. Acr\u00edlico y esmalte sobre lienzo, 200 \u00d7 200 cm. VENDIDO.<\/figcaption><\/figure>\n\n<figure class=\"wp-block-image size-full is-resized\"><img loading=\"lazy\" decoding=\"async\" width=\"1100\" height=\"1372\" src=\"https:\/\/www.armagallery.com\/wp-content\/uploads\/2023\/11\/arma-gallery-contemporary-art-colors-that-speak-papartus-01.jpg\" alt=\"ARMA GALLERY - Arte Contempor&#xE1;neo - Colores que Hablan - Papartus - 01\" class=\"wp-image-1942\" style=\"width:748px\" srcset=\"https:\/\/www.armagallery.com\/wp-content\/uploads\/2023\/11\/arma-gallery-contemporary-art-colors-that-speak-papartus-01.jpg 1100w, https:\/\/www.armagallery.com\/wp-content\/uploads\/2023\/11\/arma-gallery-contemporary-art-colors-that-speak-papartus-01-600x748.jpg 600w, https:\/\/www.armagallery.com\/wp-content\/uploads\/2023\/11\/arma-gallery-contemporary-art-colors-that-speak-papartus-01-241x300.jpg 241w, https:\/\/www.armagallery.com\/wp-content\/uploads\/2023\/11\/arma-gallery-contemporary-art-colors-that-speak-papartus-01-821x1024.jpg 821w, https:\/\/www.armagallery.com\/wp-content\/uploads\/2023\/11\/arma-gallery-contemporary-art-colors-that-speak-papartus-01-768x958.jpg 768w\" sizes=\"auto, (max-width: 1100px) 100vw, 1100px\" \/><figcaption class=\"wp-element-caption\">Paisaje con camino, 2022. Acr\u00edlico, esmalte y barra de \u00f3leo sobre lienzo, 162 \u00d7 130 cm<\/figcaption><\/figure>\n\n<p>La narrativa visual de Papartus se extiende m\u00e1s all\u00e1 de la superficie del lienzo; es una inmersi\u00f3n en el alma del arte abstracto. La abstracci\u00f3n se convierte en un medio para expresar lo inexpresable, desafiando la necesidad de formas reconocibles y permitiendo que los colores hablen por s\u00ed mismos.<\/p>\n","protected":false},"excerpt":{"rendered":"<p>Sumergirse en el fascinante universo de Papartus es adentrarse en una narrativa visual \u00fanica donde los colores son los protagonistas de una historia sin palabras. Cada trazo, cada tonalidad es la expresi\u00f3n de un lenguaje abstracto que habla directamente a las emociones y a la imaginaci\u00f3n. En las obras de Papartus, los colores no son [&hellip;]<\/p>\n","protected":false},"author":4,"featured_media":3423,"comment_status":"closed","ping_status":"closed","sticky":false,"template":"","format":"standard","meta":{"footnotes":""},"categories":[43],"tags":[],"class_list":["post-4015","post","type-post","status-publish","format-standard","has-post-thumbnail","hentry","category-blog-es"],"_links":{"self":[{"href":"https:\/\/www.armagallery.com\/es\/wp-json\/wp\/v2\/posts\/4015","targetHints":{"allow":["GET"]}}],"collection":[{"href":"https:\/\/www.armagallery.com\/es\/wp-json\/wp\/v2\/posts"}],"about":[{"href":"https:\/\/www.armagallery.com\/es\/wp-json\/wp\/v2\/types\/post"}],"author":[{"embeddable":true,"href":"https:\/\/www.armagallery.com\/es\/wp-json\/wp\/v2\/users\/4"}],"replies":[{"embeddable":true,"href":"https:\/\/www.armagallery.com\/es\/wp-json\/wp\/v2\/comments?post=4015"}],"version-history":[{"count":0,"href":"https:\/\/www.armagallery.com\/es\/wp-json\/wp\/v2\/posts\/4015\/revisions"}],"wp:featuredmedia":[{"embeddable":true,"href":"https:\/\/www.armagallery.com\/es\/wp-json\/"}],"wp:attachment":[{"href":"https:\/\/www.armagallery.com\/es\/wp-json\/wp\/v2\/media?parent=4015"}],"wp:term":[{"taxonomy":"category","embeddable":true,"href":"https:\/\/www.armagallery.com\/es\/wp-json\/wp\/v2\/categories?post=4015"},{"taxonomy":"post_tag","embeddable":true,"href":"https:\/\/www.armagallery.com\/es\/wp-json\/wp\/v2\/tags?post=4015"}],"curies":[{"name":"wp","href":"https:\/\/api.w.org\/{rel}","templated":true}]}}